{"id":459,"date":"2025-02-21T19:19:44","date_gmt":"2025-02-21T19:19:44","guid":{"rendered":"https:\/\/eajs.be\/?p=459"},"modified":"2025-04-27T08:57:13","modified_gmt":"2025-04-27T08:57:13","slug":"associatieakkoord-tussen-eu-en-israel-geldt-alleen-nog-het-recht-van-de-sterkste","status":"publish","type":"post","link":"https:\/\/eajs.be\/?p=459","title":{"rendered":"Associatieakkoord tussen EU en Isra\u00ebl: geldt alleen nog het recht van de sterkste?"},"content":{"rendered":"\n<p>Maatschappelijke organisaties en verenigingen roepen Belgi\u00eb op om te pleiten voor een opschorting van het Associatieakkoord tussen de EU en Isra\u00ebl, en zich in ieder geval te verzetten tegen elke opwaardering van de betrekkingen met Isra\u00ebl zolang dat land zich blijft bezondigen aan systematische schendingen van het internationaal recht en de mensenrechten.<\/p>\n\n\n\n<hr class=\"wp-block-separator has-alpha-channel-opacity\"\/>\n\n\n\n<p>Ondertekend door meerdere organisaties. <\/p>\n\n\n\n<p><em>Meer op <a href=\"https:\/\/www.knack.be\/nieuws\/wereld\/europa\/associatieakkoord-tussen-eu-en-israel-geldt-alleen-nog-het-recht-van-de-sterkste\/\" data-type=\"link\" data-id=\"https:\/\/www.knack.be\/nieuws\/wereld\/europa\/associatieakkoord-tussen-eu-en-israel-geldt-alleen-nog-het-recht-van-de-sterkste\/\">Knack<\/a><\/em><\/p>\n","protected":false},"excerpt":{"rendered":"<p>Maatschappelijke organisaties en verenigingen roepen Belgi\u00eb op om te pleiten voor een opschorting van het Associatieakkoord tussen de EU en Isra\u00ebl, en zich in ieder geval te verzetten tegen elke opwaardering van de betrekkingen met Isra\u00ebl zolang dat land zich blijft bezondigen aan systematische schendingen van het internationaal recht en de mensenrechten. Ondertekend door meerdere [&hellip;]<\/p>\n","protected":false},"author":1,"featured_media":0,"comment_status":"closed","ping_status":"closed","sticky":false,"template":"","format":"standard","meta":{"footnotes":""},"categories":[7],"tags":[],"class_list":["post-459","post","type-post","status-publish","format-standard","hentry","category-uncategorized-nl"],"_links":{"self":[{"href":"https:\/\/eajs.be\/index.php?rest_route=\/wp\/v2\/posts\/459","targetHints":{"allow":["GET"]}}],"collection":[{"href":"https:\/\/eajs.be\/index.php?rest_route=\/wp\/v2\/posts"}],"about":[{"href":"https:\/\/eajs.be\/index.php?rest_route=\/wp\/v2\/types\/post"}],"author":[{"embeddable":true,"href":"https:\/\/eajs.be\/index.php?rest_route=\/wp\/v2\/users\/1"}],"replies":[{"embeddable":true,"href":"https:\/\/eajs.be\/index.php?rest_route=%2Fwp%2Fv2%2Fcomments&post=459"}],"version-history":[{"count":3,"href":"https:\/\/eajs.be\/index.php?rest_route=\/wp\/v2\/posts\/459\/revisions"}],"predecessor-version":[{"id":481,"href":"https:\/\/eajs.be\/index.php?rest_route=\/wp\/v2\/posts\/459\/revisions\/481"}],"wp:attachment":[{"href":"https:\/\/eajs.be\/index.php?rest_route=%2Fwp%2Fv2%2Fmedia&parent=459"}],"wp:term":[{"taxonomy":"category","embeddable":true,"href":"https:\/\/eajs.be\/index.php?rest_route=%2Fwp%2Fv2%2Fcategories&post=459"},{"taxonomy":"post_tag","embeddable":true,"href":"https:\/\/eajs.be\/index.php?rest_route=%2Fwp%2Fv2%2Ftags&post=459"}],"curies":[{"name":"wp","href":"https:\/\/api.w.org\/{rel}","templated":true}]}}