{"id":514,"date":"2025-06-23T07:57:48","date_gmt":"2025-06-23T07:57:48","guid":{"rendered":"https:\/\/eajs.be\/?p=514"},"modified":"2025-06-29T08:09:59","modified_gmt":"2025-06-29T08:09:59","slug":"de-tijd-voor-woorden-en-declaraties-is-voorbij","status":"publish","type":"post","link":"https:\/\/eajs.be\/?p=514","title":{"rendered":"De tijd voor woorden en declaraties is voorbij . . ."},"content":{"rendered":"\n<figure class=\"wp-block-image size-full\"><a href=\"https:\/\/eajs.be\/wp-content\/uploads\/2025\/06\/june24-2025.jpg\"><img loading=\"lazy\" decoding=\"async\" width=\"489\" height=\"344\" src=\"https:\/\/eajs.be\/wp-content\/uploads\/2025\/06\/june24-2025.jpg\" alt=\"\" class=\"wp-image-525\" srcset=\"https:\/\/eajs.be\/wp-content\/uploads\/2025\/06\/june24-2025.jpg 489w, https:\/\/eajs.be\/wp-content\/uploads\/2025\/06\/june24-2025-300x211.jpg 300w\" sizes=\"auto, (max-width: 489px) 100vw, 489px\" \/><\/a><\/figure>\n\n\n\n<p>Leden van Een Andere Joodse Stem, samen met de Anti-Zionistische Joodse Alliantie in Belgi\u00eb en de coalitie Europese Joden voor Palestina, samen met andere solidariteitsgroepen en ngo&#8217;s, eisten maandag 23 juni de opschorting van de associatieovereenkomst tussen de EU en Isra\u00ebl totdat Isra\u00ebl zich aan het internationaal recht houdt. Het protest vond plaats v\u00f3\u00f3r de bijeenkomst van alle EU-ministers van Buitenlandse Zaken in Brussel. Wij steunen de woorden van de Spaanse minister van Buitenlandse Zaken Albares:<\/p>\n\n\n\n<figure class=\"wp-block-pullquote\"><blockquote><p>&#8220;De tijd voor woorden en declaraties is voorbij. We hebben genoeg tijd gehad. En tegelijkertijd hebben de Palestijnen in Gaza geen tijd meer te verliezen. Elke dag worden baby&#8217;s, vrouwen en mannen vermoord. Dit is het moment voor actie.&#8221;<\/p><\/blockquote><\/figure>\n","protected":false},"excerpt":{"rendered":"<p>Leden van Een Andere Joodse Stem, samen met de Anti-Zionistische Joodse Alliantie in Belgi\u00eb en de coalitie Europese Joden voor Palestina, samen met andere solidariteitsgroepen en ngo&#8217;s, eisten maandag 23 juni de opschorting van de associatieovereenkomst tussen de EU en Isra\u00ebl totdat Isra\u00ebl zich aan het internationaal recht houdt. Het protest vond plaats v\u00f3\u00f3r de [&hellip;]<\/p>\n","protected":false},"author":1,"featured_media":0,"comment_status":"closed","ping_status":"closed","sticky":false,"template":"","format":"standard","meta":{"footnotes":""},"categories":[7],"tags":[],"class_list":["post-514","post","type-post","status-publish","format-standard","hentry","category-uncategorized-nl"],"_links":{"self":[{"href":"https:\/\/eajs.be\/index.php?rest_route=\/wp\/v2\/posts\/514","targetHints":{"allow":["GET"]}}],"collection":[{"href":"https:\/\/eajs.be\/index.php?rest_route=\/wp\/v2\/posts"}],"about":[{"href":"https:\/\/eajs.be\/index.php?rest_route=\/wp\/v2\/types\/post"}],"author":[{"embeddable":true,"href":"https:\/\/eajs.be\/index.php?rest_route=\/wp\/v2\/users\/1"}],"replies":[{"embeddable":true,"href":"https:\/\/eajs.be\/index.php?rest_route=%2Fwp%2Fv2%2Fcomments&post=514"}],"version-history":[{"count":3,"href":"https:\/\/eajs.be\/index.php?rest_route=\/wp\/v2\/posts\/514\/revisions"}],"predecessor-version":[{"id":528,"href":"https:\/\/eajs.be\/index.php?rest_route=\/wp\/v2\/posts\/514\/revisions\/528"}],"wp:attachment":[{"href":"https:\/\/eajs.be\/index.php?rest_route=%2Fwp%2Fv2%2Fmedia&parent=514"}],"wp:term":[{"taxonomy":"category","embeddable":true,"href":"https:\/\/eajs.be\/index.php?rest_route=%2Fwp%2Fv2%2Fcategories&post=514"},{"taxonomy":"post_tag","embeddable":true,"href":"https:\/\/eajs.be\/index.php?rest_route=%2Fwp%2Fv2%2Ftags&post=514"}],"curies":[{"name":"wp","href":"https:\/\/api.w.org\/{rel}","templated":true}]}}